{"id":2774,"date":"2019-08-07T09:13:48","date_gmt":"2019-08-07T09:13:48","guid":{"rendered":"http:\/\/aban.vn\/tuan-le-nang-luong-va-dien-thong-minh-han-quoc-viet-nam-2019-kosef-2019-copy\/"},"modified":"2019-10-02T07:48:49","modified_gmt":"2019-10-02T07:48:49","slug":"the-korea-smart-electric-energy-week-2019-kosef-2019","status":"publish","type":"post","link":"http:\/\/aban.vn\/en\/the-korea-smart-electric-energy-week-2019-kosef-2019\/","title":{"rendered":"THE KOREA SMART ELECTRIC &#038; ENERGY WEEK 2019 &#8211; KOSEF 2019"},"content":{"rendered":"\n<h4 style=\"text-align: justify;\"><strong><br>The Korea Smart Electric &amp; Energy Week 2019 &#8211; KOSEF 2019 combined with ETE VIETNAM EXPO 2019 and ENERTEC took place from July 17-20, 2019, at Saigon Exhibition and Convention Center &#8211; SECC. <\/strong><\/h4>\n\n\n\n<p><\/p>\n\n\n\n<div class=\"wp-block-image\"><figure class=\"aligncenter\"><img loading=\"lazy\" width=\"555\" height=\"749\" src=\"http:\/\/aban.vn\/wp-content\/uploads\/2019\/08\/th\u01b0-m\u1eddi-eng.png\" alt=\"\" class=\"wp-image-2810\" srcset=\"http:\/\/aban.vn\/wp-content\/uploads\/2019\/08\/th\u01b0-m\u1eddi-eng.png 555w, http:\/\/aban.vn\/wp-content\/uploads\/2019\/08\/th\u01b0-m\u1eddi-eng-222x300.png 222w\" sizes=\"(max-width: 555px) 100vw, 555px\" \/><\/figure><\/div>\n\n\n\n<p style=\"text-align: justify;\">Organizers included Korea Electrical Manufactures Association (KOEMA), Korea Electric Power Corporation (KEPCO) and COEX.<\/p>\n\n\n\n<div class=\"wp-block-image\"><figure class=\"aligncenter\"><img loading=\"lazy\" width=\"655\" height=\"238\" src=\"http:\/\/aban.vn\/wp-content\/uploads\/2019\/08\/vbf-201971916492d28.jpg\" alt=\"\" class=\"wp-image-2685\" srcset=\"http:\/\/aban.vn\/wp-content\/uploads\/2019\/08\/vbf-201971916492d28.jpg 655w, http:\/\/aban.vn\/wp-content\/uploads\/2019\/08\/vbf-201971916492d28-300x109.jpg 300w\" sizes=\"(max-width: 655px) 100vw, 655px\" \/><\/figure><\/div>\n\n\n\n<ul class=\"wp-container-2 wp-block-gallery-1 wp-block-gallery aligncenter columns-2 is-cropped\"><li class=\"blocks-gallery-item\"><figure><img loading=\"lazy\" width=\"684\" height=\"551\" src=\"http:\/\/aban.vn\/wp-content\/uploads\/2019\/08\/img-5471-15633373985801797219014.jpg\" alt=\"\" data-id=\"2675\" data-link=\"http:\/\/aban.vn\/tuan-le-nang-luong-va-dien-thong-minh-han-quoc-viet-nam-2019-kosef-2019__trashed\/img-5471-15633373985801797219014\/\" class=\"wp-image-2675\" srcset=\"http:\/\/aban.vn\/wp-content\/uploads\/2019\/08\/img-5471-15633373985801797219014.jpg 684w, http:\/\/aban.vn\/wp-content\/uploads\/2019\/08\/img-5471-15633373985801797219014-300x242.jpg 300w\" sizes=\"(max-width: 684px) 100vw, 684px\" \/><\/figure><\/li><li class=\"blocks-gallery-item\"><figure><img loading=\"lazy\" width=\"1024\" height=\"575\" src=\"http:\/\/aban.vn\/wp-content\/uploads\/2018\/11\/IMG_2000-1024x575.jpg\" alt=\"\" data-id=\"2734\" data-link=\"http:\/\/aban.vn\/tuan-le-nang-luong-va-dien-thong-minh-han-quoc-viet-nam-2019-kosef-2019\/img_2000\/\" class=\"wp-image-2734\" srcset=\"http:\/\/aban.vn\/wp-content\/uploads\/2018\/11\/IMG_2000-1024x575.jpg 1024w, http:\/\/aban.vn\/wp-content\/uploads\/2018\/11\/IMG_2000-300x168.jpg 300w, http:\/\/aban.vn\/wp-content\/uploads\/2018\/11\/IMG_2000-768x431.jpg 768w\" sizes=\"(max-width: 1024px) 100vw, 1024px\" \/><\/figure><\/li><\/ul>\n\n\n\n<p style=\"text-align: justify;\">&nbsp;<\/p>\n<p style=\"text-align: justify;\">With 10.000m2 of this year&#8217;s exhibition area attracted more than 600 businesses from 15 countries, nearly 550 booths with leading brands and businesses of Vietnam, Korea, Germany, France and the US, Sweden, Poland, Japan&#8230;Particularly KOSEF exhibition area 2019 had more than 200 booths from 150 businesses. The number of people visiting the exhibition were up to 25,000.<\/p>\n<p>&nbsp;<\/p>\n\n\n\n<figure class=\"wp-block-image\"><img loading=\"lazy\" width=\"937\" height=\"503\" src=\"http:\/\/aban.vn\/wp-content\/uploads\/2019\/08\/secc.png\" alt=\"\" class=\"wp-image-2683\" srcset=\"http:\/\/aban.vn\/wp-content\/uploads\/2019\/08\/secc.png 937w, http:\/\/aban.vn\/wp-content\/uploads\/2019\/08\/secc-300x161.png 300w, http:\/\/aban.vn\/wp-content\/uploads\/2019\/08\/secc-768x412.png 768w\" sizes=\"(max-width: 937px) 100vw, 937px\" \/><figcaption>Saigon Exhibition &amp; Convention Center &#8211; SECC<\/figcaption><\/figure>\n\n\n\n<ul class=\"wp-container-4 wp-block-gallery-3 wp-block-gallery columns-3 is-cropped\"><li class=\"blocks-gallery-item\"><figure><img loading=\"lazy\" width=\"1024\" height=\"640\" src=\"http:\/\/aban.vn\/wp-content\/uploads\/2018\/11\/IMG_1989-1024x640.jpg\" alt=\"\" data-id=\"2729\" data-link=\"http:\/\/aban.vn\/tuan-le-nang-luong-va-dien-thong-minh-han-quoc-viet-nam-2019-kosef-2019\/img_1989\/\" class=\"wp-image-2729\" srcset=\"http:\/\/aban.vn\/wp-content\/uploads\/2018\/11\/IMG_1989-1024x640.jpg 1024w, http:\/\/aban.vn\/wp-content\/uploads\/2018\/11\/IMG_1989-300x188.jpg 300w, http:\/\/aban.vn\/wp-content\/uploads\/2018\/11\/IMG_1989-768x480.jpg 768w\" sizes=\"(max-width: 1024px) 100vw, 1024px\" \/><figcaption>SURGEFREE BOOTH<\/figcaption><\/figure><\/li><li class=\"blocks-gallery-item\"><figure><img src=\"http:\/\/aban.vn\/wp-content\/uploads\/2019\/08\/IMG_2021-1-1024x640.jpg\" alt=\"\" data-id=\"2837\" data-link=\"http:\/\/aban.vn\/the-korea-smart-electric-energy-week-2019-kosef-2019\/img_2021-2\/\" class=\"wp-image-2837\"\/><figcaption>GDELECS BOOTH<\/figcaption><\/figure><\/li><li class=\"blocks-gallery-item\"><figure><img loading=\"lazy\" width=\"1024\" height=\"575\" src=\"http:\/\/aban.vn\/wp-content\/uploads\/2019\/08\/IMG_2016-2-1024x575.jpg\" alt=\"\" data-id=\"2916\" data-link=\"http:\/\/aban.vn\/en\/the-korea-smart-electric-energy-week-2019-kosef-2019\/img_2016-2\/\" class=\"wp-image-2916\" srcset=\"http:\/\/aban.vn\/wp-content\/uploads\/2019\/08\/IMG_2016-2-1024x575.jpg 1024w, http:\/\/aban.vn\/wp-content\/uploads\/2019\/08\/IMG_2016-2-300x168.jpg 300w, http:\/\/aban.vn\/wp-content\/uploads\/2019\/08\/IMG_2016-2-768x431.jpg 768w\" sizes=\"(max-width: 1024px) 100vw, 1024px\" \/><figcaption>BUMHAN BOOTH<\/figcaption><\/figure><\/li><li class=\"blocks-gallery-item\"><figure><img loading=\"lazy\" width=\"1024\" height=\"575\" src=\"http:\/\/aban.vn\/wp-content\/uploads\/2019\/08\/IMG_2004-4-1024x575.jpg\" alt=\"\" data-id=\"2918\" data-link=\"http:\/\/aban.vn\/en\/the-korea-smart-electric-energy-week-2019-kosef-2019\/img_2004-2\/\" class=\"wp-image-2918\" srcset=\"http:\/\/aban.vn\/wp-content\/uploads\/2019\/08\/IMG_2004-4-1024x575.jpg 1024w, http:\/\/aban.vn\/wp-content\/uploads\/2019\/08\/IMG_2004-4-300x168.jpg 300w, http:\/\/aban.vn\/wp-content\/uploads\/2019\/08\/IMG_2004-4-768x431.jpg 768w\" sizes=\"(max-width: 1024px) 100vw, 1024px\" \/><\/figure><\/li><\/ul>\n\n\n\n<p style=\"text-align: justify;\">&nbsp;<\/p>\n<p style=\"text-align: justify;\">Many international conference programs during the exhibition were chaired by the Department of Industry &amp; Trade of Ho Chi Minh City and EVNSPC with a number of speeches such as &#8220;National Planning On Electricity &amp; Renewable Energy Development by 2030&#8221; and &#8220;National Program On Saving &amp; Efficient Using Of Energy In The Period Of 2019 &#8211; 2030 &#8220;.<\/p>\n<p>&nbsp;<\/p>\n\n\n\n<div class=\"wp-block-image\"><figure class=\"aligncenter\"><img loading=\"lazy\" width=\"682\" height=\"332\" src=\"http:\/\/aban.vn\/wp-content\/uploads\/2019\/08\/3145_Khach_tham_quan_triYn_lam.jpg\" alt=\"\" class=\"wp-image-2669\" srcset=\"http:\/\/aban.vn\/wp-content\/uploads\/2019\/08\/3145_Khach_tham_quan_triYn_lam.jpg 682w, http:\/\/aban.vn\/wp-content\/uploads\/2019\/08\/3145_Khach_tham_quan_triYn_lam-300x146.jpg 300w\" sizes=\"(max-width: 682px) 100vw, 682px\" \/><figcaption> <\/figcaption><\/figure><\/div>\n\n\n\n<p style=\"text-align: justify;\">&nbsp;<\/p>\n<p style=\"text-align: justify;\">In addition, there were technical seminars chaired by Korea Electrical Manufactures Association (KOEMA), Korea Electric Power Corporation (KEPCO). The &#8220;Trade connection&#8221; activities were held during the exhibition bringing more information and cooperation opportunities for participating enterprises.<\/p>\n<p>&nbsp;<\/p>\n\n\n\n<div class=\"wp-block-image\"><figure class=\"aligncenter\"><a href=\"http:\/\/aban.vn\/\"><img loading=\"lazy\" width=\"4242\" height=\"2258\" src=\"http:\/\/aban.vn\/wp-content\/uploads\/2019\/08\/WELCOME-01.jpg\" alt=\"\" class=\"wp-image-2503\"\/><\/a><\/figure><\/div>\n","protected":false},"excerpt":{"rendered":"<p>The Korea Smart Electric &#038; Energy Week 2019 &#8211; KOSEF 2019 combined with ETE VIETNAM EXPO 2019 and ENERTEC took place from July 17-20, 2019, at Saigon Exhibition and Convention Center &#8211; SECC.<\/p>\n","protected":false},"author":2,"featured_media":2868,"comment_status":"open","ping_status":"open","sticky":false,"template":"","format":"standard","meta":[],"categories":[275,178,178],"tags":[139,140,141,142,143,144,145,203,146,147,148,149,150,151,152,153,154,155,156,157,158,159,160,161,162,163,164,165,166,167,168,208,209,169,170,171,172,173,174,175,176,213,177],"yoast_head":"<!-- This site is optimized with the Yoast SEO plugin v19.8 - https:\/\/yoast.com\/wordpress\/plugins\/seo\/ -->\n<title>% - ABAN<\/title>\n<meta name=\"description\" content=\"Ch\u00fang t\u00f4i chuy\u00ean cung c\u1ea5p gi\u1ea3i ph\u00e1p ch\u1ed1ng s\u00e9t lan truy\u1ec1n SURGEFREE, gi\u1ea3i ph\u00e1p t\u1ee7 \u0111i\u1ec7n th\u00f4ng minh GDELECS v\u00e0 thi\u1ebft b\u1ecb \u1ea3o h\u00f3a m\u00e1y t\u00ednh Ncomputing. V\u1edbi gi\u00e1 c\u1ea3 ph\u1ea3i ch\u0103ng v\u00e0 s\u1ef1 t\u1eadn t\u00ecnh trong t\u01b0 v\u1ea5n, ch\u00fang t\u00f4i tin r\u1eb1ng s\u1ebd mang l\u1ea1i cho b\u1ea1n s\u1ef1 h\u00e0i l\u00f2ng nh\u1ea5t.\" \/>\n<meta name=\"robots\" content=\"index, follow, max-snippet:-1, max-image-preview:large, max-video-preview:-1\" \/>\n<link rel=\"canonical\" href=\"https:\/\/aban.vn\/en\/the-korea-smart-electric-energy-week-2019-kosef-2019\/\" \/>\n<meta property=\"og:locale\" content=\"en_US\" \/>\n<meta property=\"og:type\" content=\"article\" \/>\n<meta property=\"og:title\" content=\"% - ABAN\" \/>\n<meta property=\"og:description\" content=\"Ch\u00fang t\u00f4i chuy\u00ean cung c\u1ea5p gi\u1ea3i ph\u00e1p ch\u1ed1ng s\u00e9t lan truy\u1ec1n SURGEFREE, gi\u1ea3i ph\u00e1p t\u1ee7 \u0111i\u1ec7n th\u00f4ng minh GDELECS v\u00e0 thi\u1ebft b\u1ecb \u1ea3o h\u00f3a m\u00e1y t\u00ednh Ncomputing. V\u1edbi gi\u00e1 c\u1ea3 ph\u1ea3i ch\u0103ng v\u00e0 s\u1ef1 t\u1eadn t\u00ecnh trong t\u01b0 v\u1ea5n, ch\u00fang t\u00f4i tin r\u1eb1ng s\u1ebd mang l\u1ea1i cho b\u1ea1n s\u1ef1 h\u00e0i l\u00f2ng nh\u1ea5t.\" \/>\n<meta property=\"og:url\" content=\"https:\/\/aban.vn\/en\/the-korea-smart-electric-energy-week-2019-kosef-2019\/\" \/>\n<meta property=\"og:site_name\" content=\"ABAN\" \/>\n<meta property=\"article:published_time\" content=\"2019-08-07T09:13:48+00:00\" \/>\n<meta property=\"article:modified_time\" content=\"2019-10-02T07:48:49+00:00\" \/>\n<meta property=\"og:image\" content=\"https:\/\/aban.vn\/wp-content\/uploads\/2019\/08\/IMG_2004-3-1024x575.jpg\" \/>\n\t<meta property=\"og:image:width\" content=\"1024\" \/>\n\t<meta property=\"og:image:height\" content=\"575\" \/>\n\t<meta property=\"og:image:type\" content=\"image\/jpeg\" \/>\n<meta name=\"author\" content=\"Kieu nguyen\" \/>\n<meta name=\"twitter:card\" content=\"summary_large_image\" \/>\n<meta name=\"twitter:label1\" content=\"Written by\" \/>\n\t<meta name=\"twitter:data1\" content=\"Kieu nguyen\" \/>\n\t<meta name=\"twitter:label2\" content=\"Est. reading time\" \/>\n\t<meta name=\"twitter:data2\" content=\"1 minute\" \/>\n<script type=\"application\/ld+json\" class=\"yoast-schema-graph\">{\"@context\":\"https:\/\/schema.org\",\"@graph\":[{\"@type\":\"Article\",\"@id\":\"https:\/\/aban.vn\/en\/the-korea-smart-electric-energy-week-2019-kosef-2019\/#article\",\"isPartOf\":{\"@id\":\"https:\/\/aban.vn\/en\/the-korea-smart-electric-energy-week-2019-kosef-2019\/\"},\"author\":{\"name\":\"Kieu nguyen\",\"@id\":\"http:\/\/aban.vn\/en\/#\/schema\/person\/9f5e6a57ec4b73a5cf7b8672b26699be\"},\"headline\":\"THE KOREA SMART ELECTRIC &#038; ENERGY WEEK 2019 &#8211; KOSEF 2019\",\"datePublished\":\"2019-08-07T09:13:48+00:00\",\"dateModified\":\"2019-10-02T07:48:49+00:00\",\"mainEntityOfPage\":{\"@id\":\"https:\/\/aban.vn\/en\/the-korea-smart-electric-energy-week-2019-kosef-2019\/\"},\"wordCount\":209,\"commentCount\":0,\"publisher\":{\"@id\":\"http:\/\/aban.vn\/en\/#organization\"},\"keywords\":[\"17\/7\",\"18\/7\",\"19\/7\",\"20\/7\",\"2019\",\"aban\",\"bumhan\",\"busbar\",\"coex\",\"conect\",\"cong nghe\",\"dien\",\"electric\",\"electrical\",\"electricity\",\"enertec expo 2019\",\"ete 2010\",\"evn\",\"exhibition\",\"gdelecs\",\"green power\",\"han quoc\",\"ho chi minh city\",\"july\",\"kepco\",\"kosef\",\"kosef 2019\",\"nang luong\",\"panel board\",\"sai gon\",\"secc\",\"set lan truyen\",\"smart kit\",\"solar panel\",\"surge protection device\",\"surgefree\",\"technical\",\"thang 7\",\"thanh pho ho chi minh\",\"thong minh\",\"trien lam\",\"tu dien thong minh\",\"viet nam\"],\"articleSection\":[\"aban.vn\",\"Event\",\"Event\"],\"inLanguage\":\"en-US\",\"potentialAction\":[{\"@type\":\"CommentAction\",\"name\":\"Comment\",\"target\":[\"https:\/\/aban.vn\/en\/the-korea-smart-electric-energy-week-2019-kosef-2019\/#respond\"]}]},{\"@type\":\"WebPage\",\"@id\":\"https:\/\/aban.vn\/en\/the-korea-smart-electric-energy-week-2019-kosef-2019\/\",\"url\":\"https:\/\/aban.vn\/en\/the-korea-smart-electric-energy-week-2019-kosef-2019\/\",\"name\":\"% - ABAN\",\"isPartOf\":{\"@id\":\"http:\/\/aban.vn\/en\/#website\"},\"datePublished\":\"2019-08-07T09:13:48+00:00\",\"dateModified\":\"2019-10-02T07:48:49+00:00\",\"description\":\"Ch\u00fang t\u00f4i chuy\u00ean cung c\u1ea5p gi\u1ea3i ph\u00e1p ch\u1ed1ng s\u00e9t lan truy\u1ec1n SURGEFREE, gi\u1ea3i ph\u00e1p t\u1ee7 \u0111i\u1ec7n th\u00f4ng minh GDELECS v\u00e0 thi\u1ebft b\u1ecb \u1ea3o h\u00f3a m\u00e1y t\u00ednh Ncomputing. V\u1edbi gi\u00e1 c\u1ea3 ph\u1ea3i ch\u0103ng v\u00e0 s\u1ef1 t\u1eadn t\u00ecnh trong t\u01b0 v\u1ea5n, ch\u00fang t\u00f4i tin r\u1eb1ng s\u1ebd mang l\u1ea1i cho b\u1ea1n s\u1ef1 h\u00e0i l\u00f2ng nh\u1ea5t.\",\"breadcrumb\":{\"@id\":\"https:\/\/aban.vn\/en\/the-korea-smart-electric-energy-week-2019-kosef-2019\/#breadcrumb\"},\"inLanguage\":\"en-US\",\"potentialAction\":[{\"@type\":\"ReadAction\",\"target\":[\"https:\/\/aban.vn\/en\/the-korea-smart-electric-energy-week-2019-kosef-2019\/\"]}]},{\"@type\":\"BreadcrumbList\",\"@id\":\"https:\/\/aban.vn\/en\/the-korea-smart-electric-energy-week-2019-kosef-2019\/#breadcrumb\",\"itemListElement\":[{\"@type\":\"ListItem\",\"position\":1,\"name\":\"Home\",\"item\":\"http:\/\/aban.vn\/en\/\"},{\"@type\":\"ListItem\",\"position\":2,\"name\":\"THE KOREA SMART ELECTRIC &#038; ENERGY WEEK 2019 &#8211; KOSEF 2019\"}]},{\"@type\":\"WebSite\",\"@id\":\"http:\/\/aban.vn\/en\/#website\",\"url\":\"http:\/\/aban.vn\/en\/\",\"name\":\"ABAN\",\"description\":\"Ch\u00fang t\u00f4i chuy\u00ean cung c\u1ea5p c\u00e1c thi\u00eat b\u1ecb \u0111i\u1ec7n, thi\u1ebft b\u1ecb ch\u1ed1ng s\u00e9t lan truy\u1ec1n v\u00e0 thi\u1ebft b\u1ecb tin h\u1ecdc Ncomputing\",\"publisher\":{\"@id\":\"http:\/\/aban.vn\/en\/#organization\"},\"potentialAction\":[{\"@type\":\"SearchAction\",\"target\":{\"@type\":\"EntryPoint\",\"urlTemplate\":\"http:\/\/aban.vn\/en\/?s={search_term_string}\"},\"query-input\":\"required name=search_term_string\"}],\"inLanguage\":\"en-US\"},{\"@type\":\"Organization\",\"@id\":\"http:\/\/aban.vn\/en\/#organization\",\"name\":\"ABAN.VN\",\"url\":\"http:\/\/aban.vn\/en\/\",\"sameAs\":[],\"logo\":{\"@type\":\"ImageObject\",\"inLanguage\":\"en-US\",\"@id\":\"http:\/\/aban.vn\/en\/#\/schema\/logo\/image\/\",\"url\":\"http:\/\/aban.vn\/wp-content\/uploads\/2018\/11\/logoheader.png\",\"contentUrl\":\"http:\/\/aban.vn\/wp-content\/uploads\/2018\/11\/logoheader.png\",\"width\":127,\"height\":50,\"caption\":\"ABAN.VN\"},\"image\":{\"@id\":\"http:\/\/aban.vn\/en\/#\/schema\/logo\/image\/\"}},{\"@type\":\"Person\",\"@id\":\"http:\/\/aban.vn\/en\/#\/schema\/person\/9f5e6a57ec4b73a5cf7b8672b26699be\",\"name\":\"Kieu nguyen\",\"image\":{\"@type\":\"ImageObject\",\"inLanguage\":\"en-US\",\"@id\":\"http:\/\/aban.vn\/en\/#\/schema\/person\/image\/\",\"url\":\"http:\/\/2.gravatar.com\/avatar\/bc0c43e549a3c756fd06e1ab5c600a08?s=96&d=mm&r=g\",\"contentUrl\":\"http:\/\/2.gravatar.com\/avatar\/bc0c43e549a3c756fd06e1ab5c600a08?s=96&d=mm&r=g\",\"caption\":\"Kieu nguyen\"},\"url\":\"http:\/\/aban.vn\/en\/author\/abanvn\/\"}]}<\/script>\n<!-- \/ Yoast SEO plugin. -->","yoast_head_json":{"title":"% - ABAN","description":"Ch\u00fang t\u00f4i chuy\u00ean cung c\u1ea5p gi\u1ea3i ph\u00e1p ch\u1ed1ng s\u00e9t lan truy\u1ec1n SURGEFREE, gi\u1ea3i ph\u00e1p t\u1ee7 \u0111i\u1ec7n th\u00f4ng minh GDELECS v\u00e0 thi\u1ebft b\u1ecb \u1ea3o h\u00f3a m\u00e1y t\u00ednh Ncomputing. V\u1edbi gi\u00e1 c\u1ea3 ph\u1ea3i ch\u0103ng v\u00e0 s\u1ef1 t\u1eadn t\u00ecnh trong t\u01b0 v\u1ea5n, ch\u00fang t\u00f4i tin r\u1eb1ng s\u1ebd mang l\u1ea1i cho b\u1ea1n s\u1ef1 h\u00e0i l\u00f2ng nh\u1ea5t.","robots":{"index":"index","follow":"follow","max-snippet":"max-snippet:-1","max-image-preview":"max-image-preview:large","max-video-preview":"max-video-preview:-1"},"canonical":"https:\/\/aban.vn\/en\/the-korea-smart-electric-energy-week-2019-kosef-2019\/","og_locale":"en_US","og_type":"article","og_title":"% - ABAN","og_description":"Ch\u00fang t\u00f4i chuy\u00ean cung c\u1ea5p gi\u1ea3i ph\u00e1p ch\u1ed1ng s\u00e9t lan truy\u1ec1n SURGEFREE, gi\u1ea3i ph\u00e1p t\u1ee7 \u0111i\u1ec7n th\u00f4ng minh GDELECS v\u00e0 thi\u1ebft b\u1ecb \u1ea3o h\u00f3a m\u00e1y t\u00ednh Ncomputing. V\u1edbi gi\u00e1 c\u1ea3 ph\u1ea3i ch\u0103ng v\u00e0 s\u1ef1 t\u1eadn t\u00ecnh trong t\u01b0 v\u1ea5n, ch\u00fang t\u00f4i tin r\u1eb1ng s\u1ebd mang l\u1ea1i cho b\u1ea1n s\u1ef1 h\u00e0i l\u00f2ng nh\u1ea5t.","og_url":"https:\/\/aban.vn\/en\/the-korea-smart-electric-energy-week-2019-kosef-2019\/","og_site_name":"ABAN","article_published_time":"2019-08-07T09:13:48+00:00","article_modified_time":"2019-10-02T07:48:49+00:00","og_image":[{"width":1024,"height":575,"url":"https:\/\/aban.vn\/wp-content\/uploads\/2019\/08\/IMG_2004-3-1024x575.jpg","type":"image\/jpeg"}],"author":"Kieu nguyen","twitter_card":"summary_large_image","twitter_misc":{"Written by":"Kieu nguyen","Est. reading time":"1 minute"},"schema":{"@context":"https:\/\/schema.org","@graph":[{"@type":"Article","@id":"https:\/\/aban.vn\/en\/the-korea-smart-electric-energy-week-2019-kosef-2019\/#article","isPartOf":{"@id":"https:\/\/aban.vn\/en\/the-korea-smart-electric-energy-week-2019-kosef-2019\/"},"author":{"name":"Kieu nguyen","@id":"http:\/\/aban.vn\/en\/#\/schema\/person\/9f5e6a57ec4b73a5cf7b8672b26699be"},"headline":"THE KOREA SMART ELECTRIC &#038; ENERGY WEEK 2019 &#8211; KOSEF 2019","datePublished":"2019-08-07T09:13:48+00:00","dateModified":"2019-10-02T07:48:49+00:00","mainEntityOfPage":{"@id":"https:\/\/aban.vn\/en\/the-korea-smart-electric-energy-week-2019-kosef-2019\/"},"wordCount":209,"commentCount":0,"publisher":{"@id":"http:\/\/aban.vn\/en\/#organization"},"keywords":["17\/7","18\/7","19\/7","20\/7","2019","aban","bumhan","busbar","coex","conect","cong nghe","dien","electric","electrical","electricity","enertec expo 2019","ete 2010","evn","exhibition","gdelecs","green power","han quoc","ho chi minh city","july","kepco","kosef","kosef 2019","nang luong","panel board","sai gon","secc","set lan truyen","smart kit","solar panel","surge protection device","surgefree","technical","thang 7","thanh pho ho chi minh","thong minh","trien lam","tu dien thong minh","viet nam"],"articleSection":["aban.vn","Event","Event"],"inLanguage":"en-US","potentialAction":[{"@type":"CommentAction","name":"Comment","target":["https:\/\/aban.vn\/en\/the-korea-smart-electric-energy-week-2019-kosef-2019\/#respond"]}]},{"@type":"WebPage","@id":"https:\/\/aban.vn\/en\/the-korea-smart-electric-energy-week-2019-kosef-2019\/","url":"https:\/\/aban.vn\/en\/the-korea-smart-electric-energy-week-2019-kosef-2019\/","name":"% - ABAN","isPartOf":{"@id":"http:\/\/aban.vn\/en\/#website"},"datePublished":"2019-08-07T09:13:48+00:00","dateModified":"2019-10-02T07:48:49+00:00","description":"Ch\u00fang t\u00f4i chuy\u00ean cung c\u1ea5p gi\u1ea3i ph\u00e1p ch\u1ed1ng s\u00e9t lan truy\u1ec1n SURGEFREE, gi\u1ea3i ph\u00e1p t\u1ee7 \u0111i\u1ec7n th\u00f4ng minh GDELECS v\u00e0 thi\u1ebft b\u1ecb \u1ea3o h\u00f3a m\u00e1y t\u00ednh Ncomputing. V\u1edbi gi\u00e1 c\u1ea3 ph\u1ea3i ch\u0103ng v\u00e0 s\u1ef1 t\u1eadn t\u00ecnh trong t\u01b0 v\u1ea5n, ch\u00fang t\u00f4i tin r\u1eb1ng s\u1ebd mang l\u1ea1i cho b\u1ea1n s\u1ef1 h\u00e0i l\u00f2ng nh\u1ea5t.","breadcrumb":{"@id":"https:\/\/aban.vn\/en\/the-korea-smart-electric-energy-week-2019-kosef-2019\/#breadcrumb"},"inLanguage":"en-US","potentialAction":[{"@type":"ReadAction","target":["https:\/\/aban.vn\/en\/the-korea-smart-electric-energy-week-2019-kosef-2019\/"]}]},{"@type":"BreadcrumbList","@id":"https:\/\/aban.vn\/en\/the-korea-smart-electric-energy-week-2019-kosef-2019\/#breadcrumb","itemListElement":[{"@type":"ListItem","position":1,"name":"Home","item":"http:\/\/aban.vn\/en\/"},{"@type":"ListItem","position":2,"name":"THE KOREA SMART ELECTRIC &#038; ENERGY WEEK 2019 &#8211; KOSEF 2019"}]},{"@type":"WebSite","@id":"http:\/\/aban.vn\/en\/#website","url":"http:\/\/aban.vn\/en\/","name":"ABAN","description":"Ch\u00fang t\u00f4i chuy\u00ean cung c\u1ea5p c\u00e1c thi\u00eat b\u1ecb \u0111i\u1ec7n, thi\u1ebft b\u1ecb ch\u1ed1ng s\u00e9t lan truy\u1ec1n v\u00e0 thi\u1ebft b\u1ecb tin h\u1ecdc Ncomputing","publisher":{"@id":"http:\/\/aban.vn\/en\/#organization"},"potentialAction":[{"@type":"SearchAction","target":{"@type":"EntryPoint","urlTemplate":"http:\/\/aban.vn\/en\/?s={search_term_string}"},"query-input":"required name=search_term_string"}],"inLanguage":"en-US"},{"@type":"Organization","@id":"http:\/\/aban.vn\/en\/#organization","name":"ABAN.VN","url":"http:\/\/aban.vn\/en\/","sameAs":[],"logo":{"@type":"ImageObject","inLanguage":"en-US","@id":"http:\/\/aban.vn\/en\/#\/schema\/logo\/image\/","url":"http:\/\/aban.vn\/wp-content\/uploads\/2018\/11\/logoheader.png","contentUrl":"http:\/\/aban.vn\/wp-content\/uploads\/2018\/11\/logoheader.png","width":127,"height":50,"caption":"ABAN.VN"},"image":{"@id":"http:\/\/aban.vn\/en\/#\/schema\/logo\/image\/"}},{"@type":"Person","@id":"http:\/\/aban.vn\/en\/#\/schema\/person\/9f5e6a57ec4b73a5cf7b8672b26699be","name":"Kieu nguyen","image":{"@type":"ImageObject","inLanguage":"en-US","@id":"http:\/\/aban.vn\/en\/#\/schema\/person\/image\/","url":"http:\/\/2.gravatar.com\/avatar\/bc0c43e549a3c756fd06e1ab5c600a08?s=96&d=mm&r=g","contentUrl":"http:\/\/2.gravatar.com\/avatar\/bc0c43e549a3c756fd06e1ab5c600a08?s=96&d=mm&r=g","caption":"Kieu nguyen"},"url":"http:\/\/aban.vn\/en\/author\/abanvn\/"}]}},"_links":{"self":[{"href":"http:\/\/aban.vn\/en\/wp-json\/wp\/v2\/posts\/2774\/"}],"collection":[{"href":"http:\/\/aban.vn\/en\/wp-json\/wp\/v2\/posts\/"}],"about":[{"href":"http:\/\/aban.vn\/en\/wp-json\/wp\/v2\/types\/post\/"}],"author":[{"embeddable":true,"href":"http:\/\/aban.vn\/en\/wp-json\/wp\/v2\/users\/2\/"}],"replies":[{"embeddable":true,"href":"http:\/\/aban.vn\/en\/wp-json\/wp\/v2\/comments\/?post=2774"}],"version-history":[{"count":23,"href":"http:\/\/aban.vn\/en\/wp-json\/wp\/v2\/posts\/2774\/revisions\/"}],"predecessor-version":[{"id":3284,"href":"http:\/\/aban.vn\/en\/wp-json\/wp\/v2\/posts\/2774\/revisions\/3284\/"}],"wp:featuredmedia":[{"embeddable":true,"href":"http:\/\/aban.vn\/en\/wp-json\/wp\/v2\/media\/2868\/"}],"wp:attachment":[{"href":"http:\/\/aban.vn\/en\/wp-json\/wp\/v2\/media\/?parent=2774"}],"wp:term":[{"taxonomy":"category","embeddable":true,"href":"http:\/\/aban.vn\/en\/wp-json\/wp\/v2\/categories\/?post=2774"},{"taxonomy":"post_tag","embeddable":true,"href":"http:\/\/aban.vn\/en\/wp-json\/wp\/v2\/tags\/?post=2774"}],"curies":[{"name":"wp","href":"https:\/\/api.w.org\/{rel}","templated":true}]}}